{"id":8242,"date":"2025-08-24T10:25:52","date_gmt":"2025-08-24T10:25:52","guid":{"rendered":"https:\/\/recetasconencanto.es\/?p=8242"},"modified":"2025-08-24T10:25:52","modified_gmt":"2025-08-24T10:25:52","slug":"bollos-de-pancakes-con-mermelada-de-melocoton","status":"publish","type":"post","link":"https:\/\/recetasconencanto.es\/?p=8242","title":{"rendered":"Bollos de pancakes con mermelada de melocot\u00f3n"},"content":{"rendered":"<p><img loading=\"lazy\" decoding=\"async\" class=\"aligncenter wp-image-8249 size-full\" src=\"https:\/\/recetasconencanto.es\/wp-content\/uploads\/2025\/08\/IMG_20250822_142539.jpg\" alt=\"\" width=\"650\" height=\"488\" srcset=\"https:\/\/recetasconencanto.es\/wp-content\/uploads\/2025\/08\/IMG_20250822_142539.jpg 650w, https:\/\/recetasconencanto.es\/wp-content\/uploads\/2025\/08\/IMG_20250822_142539-300x225.jpg 300w, https:\/\/recetasconencanto.es\/wp-content\/uploads\/2025\/08\/IMG_20250822_142539-500x375.jpg 500w\" sizes=\"auto, (max-width: 650px) 100vw, 650px\" \/><\/p>\n<p>En casa me gusta preparar desayunos en familia los fines de semana o festivos, porque es cuando m\u00e1s tiempo tengo por la ma\u00f1ana y disfruto much\u00edsimo haci\u00e9ndolo.<\/p>\n<p>Uno de los desayunos favoritos para esos momentos son los Pancakes o Tortitas, sin embargo, hace poco descubr\u00ed un receta que me llam\u00f3 la atenci\u00f3n y era mucho m\u00e1s r\u00e1pida de preparar porque no hab\u00eda que cocinar uno a uno los Pancakes, sino que se se cocinaba toda la masa junta y de una vez se horneaba. As\u00ed que \u00a0os la comparto para que os anim\u00e9is a prepararla.<!--more--><\/p>\n<p><strong>INGREDIENTES:<\/strong><\/p>\n<div class=\"ssrcss-bxva0e-NumberlessListWrapper e1hdfwc20\">\n<p>\u00a04-5 cucharadas colmadas de mermelada (yo de melocot\u00f3n)<\/p>\n<p>250 gramos de harina de trigo<\/p>\n<p>1 cucharadita de levadura qu\u00edmica<\/p>\n<p>\u00bd cucharadita de sal<\/p>\n<p>3 cucharadas de az\u00facar glass<\/p>\n<p>170 ml de bebida de <a href=\"https:\/\/yosoyvegetal.com\/\">bebida de almendras 0% Yosoy<\/a><\/p>\n<p>2 huevos camperos tama\u00f1o L<\/p>\n<p>2 cucharadas de aceite Koipe 5 Semillas<\/p>\n<p>Az\u00facar glass para espolvorear (opcional)<\/p>\n<\/div>\n<p>&nbsp;<\/p>\n<p><strong>PREPARACI\u00d3N:<\/strong><\/p>\n<div class=\"ssrcss-k5ghct-ListItemText e10q0gy40\">\n<p>Calentamos nuestra mermelada en un recipiente apto para microondas y calentamos en tandas de 10 segundos, removiendo cada vez hasta que la mezcla est\u00e9 lo suficientemente l\u00edquida como para que se mueva; no necesita estar tibia. Reservamos.<\/p>\n<\/div>\n<div class=\"ssrcss-k5ghct-ListItemText e10q0gy40\">\n<p>Precalentamos nuestra Airfryer a 180 \u00b0C durante 5&#8242; y rociamos el molde que vamos a utilizar con aceite en spray o utilizando un pincel de silicona y reparti\u00e9ndolo por toda la superficie del molde.<\/p>\n<\/div>\n<div class=\"ssrcss-k5ghct-ListItemText e10q0gy40\">\n<p>En un bowl, colocamos los ingredientes secos: la harina, la levadura qu\u00edmica, la sal y el az\u00facar y mezclamos bien todos los ingredientes.<\/p>\n<\/div>\n<div class=\"ssrcss-k5ghct-ListItemText e10q0gy40\">\n<p>A\u00f1adimos a la mezcla nuestros ingredientes l\u00edquidos:\u00a0 la leche, junto con los huevos y el aceite. Batimos la mezcla hasta obtener una masa espesa.<\/p>\n<\/div>\n<div class=\"ssrcss-k5ghct-ListItemText e10q0gy40\">\n<p>Vertemos en nuestro molde apto para Airfryer y distribuimos la masa uniformente para que quede bien repartida. Yo he elegido unos de silicona para flanes o magdalenas pero pod\u00e9is hacerlo todo en un molde redondo o cuadrado, el que teng\u00e1is para Airfryer.<\/p>\n<p>Cogemos nuestra mermelada derretida y vamos agregando peque\u00f1as porciones con ayuda de una cuchara y repartimos por toda la masa. Con la punta de la cuchara vamos removiendo ligeramente para crear unos dibujos con efecto marmolado.<\/p>\n<\/div>\n<div class=\"ssrcss-k5ghct-ListItemText e10q0gy40\">\n<p>Colocamos nuestro molde en la Airfryer y horneamos\u00a0 durante unos 15 minutos. En cuanto la superficie del panqueque est\u00e9 brillante y no se mueva, estar\u00e1 listo. Retiramos de nuestra Airfryer y espolvoreamos con az\u00facar glass y servimos.<\/p>\n<p>Podemos consumir en el d\u00eda para el desayuno o merienda o doblar cantidades y preparar en un molde m\u00e1s grande y congelar cortadas ya las porciones individuales, as\u00ed las tendremos listas para sacar, descongelar y tomar cuando m\u00e1s gustemos.<\/p>\n<\/div>\n<p><img loading=\"lazy\" decoding=\"async\" class=\"aligncenter wp-image-8248 size-full\" src=\"https:\/\/recetasconencanto.es\/wp-content\/uploads\/2025\/08\/IMG_20250822_142549.jpg\" alt=\"\" width=\"650\" height=\"488\" srcset=\"https:\/\/recetasconencanto.es\/wp-content\/uploads\/2025\/08\/IMG_20250822_142549.jpg 650w, https:\/\/recetasconencanto.es\/wp-content\/uploads\/2025\/08\/IMG_20250822_142549-300x225.jpg 300w, https:\/\/recetasconencanto.es\/wp-content\/uploads\/2025\/08\/IMG_20250822_142549-500x375.jpg 500w\" sizes=\"auto, (max-width: 650px) 100vw, 650px\" \/><\/p>\n<p>&nbsp;<\/p>\n<div data-original-attrs=\"{&quot;style&quot;:&quot;&quot;}\">Como cada mes, os presento los productos que iban incluidos en la caja\u00a0<a href=\"https:\/\/www.degustabox.com\/es\/\" data-original-attrs=\"{&quot;data-original-href&quot;:&quot;http:\/\/www.degustabox.com\/es\/&quot;}\">Degustabox\u00a0<\/a>. La caja contiene un surtido de productos muy ricos y variados y muchos de ellos los descubrimos antes de que los veamos anunciados en los medios, todo un privilegio. Los productos de este mes son perfectos para disfrutarlos preparando comidas en familia o con amig@s\u00a0\ud83d\ude42<\/div>\n<div data-original-attrs=\"{&quot;style&quot;:&quot;&quot;}\">Para adquirir esta caja, pod\u00e9is beneficiaros de un precio exclusivo si os registr\u00e1is con el\u00a0<b>c\u00f3digo M6TGF<\/b>, de este modo,\u00a0<b>la primera caja tendr\u00e1 un precio de 9,99\u20ac<\/b>\u00a0y luego ser\u00e1 de 14,99\u20ac. Aqu\u00ed os cuento el contenido de la caja:<\/div>\n<div data-original-attrs=\"{&quot;style&quot;:&quot;&quot;}\"><\/div>\n<div data-original-attrs=\"{&quot;style&quot;:&quot;&quot;}\"><img loading=\"lazy\" decoding=\"async\" class=\"aligncenter wp-image-8245 size-full\" src=\"https:\/\/recetasconencanto.es\/wp-content\/uploads\/2025\/08\/Degustabox-agosto-2025.jpg\" alt=\"\" width=\"650\" height=\"488\" srcset=\"https:\/\/recetasconencanto.es\/wp-content\/uploads\/2025\/08\/Degustabox-agosto-2025.jpg 650w, https:\/\/recetasconencanto.es\/wp-content\/uploads\/2025\/08\/Degustabox-agosto-2025-300x225.jpg 300w, https:\/\/recetasconencanto.es\/wp-content\/uploads\/2025\/08\/Degustabox-agosto-2025-500x375.jpg 500w\" sizes=\"auto, (max-width: 650px) 100vw, 650px\" \/><\/div>\n<div data-original-attrs=\"{&quot;style&quot;:&quot;&quot;}\"><\/div>\n<div data-original-attrs=\"{&quot;style&quot;:&quot;&quot;}\"><\/div>\n<div data-original-attrs=\"{&quot;style&quot;:&quot;&quot;}\"><strong>Magdalenas Concha (Madeleines) Arenas<\/strong>, suaves y esponjosas, son las <em>recetas de pueblo de tres generaciones<\/em>, ideales para el desayuno o cualquier momento del d\u00eda.<\/div>\n<div data-original-attrs=\"{&quot;style&quot;:&quot;&quot;}\"><\/div>\n<div data-original-attrs=\"{&quot;style&quot;:&quot;&quot;}\"><strong>Allioli Sriracha Chov\u00ed<\/strong>, combina la cremosidad del allioli tradicional con el toque ex\u00f3tico de la sriracha, para dar un toque extra en nuestros platos. Adem\u00e1s, ahora en un formato muy pr\u00e1ctico para llevar y utilizar en cualquier momento y lugar.<\/div>\n<div data-original-attrs=\"{&quot;style&quot;:&quot;&quot;}\"><\/div>\n<div data-original-attrs=\"{&quot;style&quot;:&quot;&quot;}\"><strong>Granini Limonada con Pera y Limonada con Sand\u00eda,<\/strong> yo he recibido el primero y est\u00e1 riqu\u00edsimo bien fresquito, una combinaci\u00f3n estupenda de esos dos sabores, sin conservantes.<\/div>\n<div data-original-attrs=\"{&quot;style&quot;:&quot;&quot;}\"><\/div>\n<div data-original-attrs=\"{&quot;style&quot;:&quot;&quot;}\"><strong>Nescaf\u00e9 Avellanas<\/strong>, con el toque perfecto de avellanas que lo hace muy original.\u00a0 Se puede tomar tanto fr\u00edo como caliente y est\u00e1 cultivado de forma 100% sostenible.<\/div>\n<div data-original-attrs=\"{&quot;style&quot;:&quot;&quot;}\"><\/div>\n<div data-original-attrs=\"{&quot;style&quot;:&quot;&quot;}\"><strong>Mr. Pip\u00f3n de Medina Jalisco<\/strong>, con las pipas m\u00e1s grandes y sabrosas, un snack delicioso con un toque picante, libres de gluten y con un alto contenido en hierro y magnesio.<\/div>\n<div data-original-attrs=\"{&quot;style&quot;:&quot;&quot;}\"><\/div>\n<div data-original-attrs=\"{&quot;style&quot;:&quot;&quot;}\"><strong>Pringles Sour Cream &amp; Onion<\/strong>, una combinaci\u00f3n irresistible de crema agria y cebolla. Adem\u00e1s hay una gran variedad de sabores m\u00e1s para elegir. Ideales para llevar y compartir con amig@s.<\/div>\n<div data-original-attrs=\"{&quot;style&quot;:&quot;&quot;}\"><\/div>\n<div data-original-attrs=\"{&quot;style&quot;:&quot;&quot;}\"><strong>Pascual Lateado sabor Cacao Africano y Caf\u00e9 Ar\u00e1bica,\u00a0<\/strong>una nueva bebida que revolucionael mundo del l\u00e1cteo con un sabor y textura muy originales, con materias primas de la mejor calidad y sabores naturales.<\/div>\n<div data-original-attrs=\"{&quot;style&quot;:&quot;&quot;}\"><\/div>\n<div data-original-attrs=\"{&quot;style&quot;:&quot;&quot;}\">Por \u00faltimo, <strong>YoSoy Bebida de Almendras 0% Az\u00facares<\/strong>, con solo 4 ingredientes, sin aditivos ni az\u00facares a\u00f1adidos ni gluten y un sabor riqu\u00edsimo a almendra. Se puede tomar tanto solo como con nuestro caf\u00e9 favorito, por ejemplo.\u00a0 Adem\u00e1s, este es el producto que he utilizado en mi receta de hoy.<\/div>\n<div data-original-attrs=\"{&quot;style&quot;:&quot;&quot;}\"><\/div>\n","protected":false},"excerpt":{"rendered":"<p>En casa me gusta preparar desayunos en familia los fines de semana o festivos, porque es cuando m\u00e1s tiempo tengo por la ma\u00f1ana y disfruto much\u00edsimo haci\u00e9ndolo. Uno de los desayunos favoritos para esos momentos son los Pancakes o Tortitas, sin embargo, hace poco descubr\u00ed un receta que me llam\u00f3 la atenci\u00f3n y era mucho [&hellip;]<\/p>\n","protected":false},"author":1,"featured_media":8250,"comment_status":"open","ping_status":"closed","sticky":false,"template":"","format":"standard","meta":{"footnotes":""},"categories":[143,24,17,1,122],"tags":[],"class_list":["post-8242","post","type-post","status-publish","format-standard","has-post-thumbnail","hentry","category-airfryer","category-cocina-internacional","category-postres","category-re-ce-tas","category-recetas-dulces"],"_links":{"self":[{"href":"https:\/\/recetasconencanto.es\/index.php?rest_route=\/wp\/v2\/posts\/8242","targetHints":{"allow":["GET"]}}],"collection":[{"href":"https:\/\/recetasconencanto.es\/index.php?rest_route=\/wp\/v2\/posts"}],"about":[{"href":"https:\/\/recetasconencanto.es\/index.php?rest_route=\/wp\/v2\/types\/post"}],"author":[{"embeddable":true,"href":"https:\/\/recetasconencanto.es\/index.php?rest_route=\/wp\/v2\/users\/1"}],"replies":[{"embeddable":true,"href":"https:\/\/recetasconencanto.es\/index.php?rest_route=%2Fwp%2Fv2%2Fcomments&post=8242"}],"version-history":[{"count":4,"href":"https:\/\/recetasconencanto.es\/index.php?rest_route=\/wp\/v2\/posts\/8242\/revisions"}],"predecessor-version":[{"id":8252,"href":"https:\/\/recetasconencanto.es\/index.php?rest_route=\/wp\/v2\/posts\/8242\/revisions\/8252"}],"wp:featuredmedia":[{"embeddable":true,"href":"https:\/\/recetasconencanto.es\/index.php?rest_route=\/wp\/v2\/media\/8250"}],"wp:attachment":[{"href":"https:\/\/recetasconencanto.es\/index.php?rest_route=%2Fwp%2Fv2%2Fmedia&parent=8242"}],"wp:term":[{"taxonomy":"category","embeddable":true,"href":"https:\/\/recetasconencanto.es\/index.php?rest_route=%2Fwp%2Fv2%2Fcategories&post=8242"},{"taxonomy":"post_tag","embeddable":true,"href":"https:\/\/recetasconencanto.es\/index.php?rest_route=%2Fwp%2Fv2%2Ftags&post=8242"}],"curies":[{"name":"wp","href":"https:\/\/api.w.org\/{rel}","templated":true}]}}