{"id":8296,"date":"2025-11-01T10:27:28","date_gmt":"2025-11-01T10:27:28","guid":{"rendered":"https:\/\/recetasconencanto.es\/?p=8296"},"modified":"2025-11-01T10:56:45","modified_gmt":"2025-11-01T10:56:45","slug":"tarta-de-chocolate","status":"publish","type":"post","link":"https:\/\/recetasconencanto.es\/?p=8296","title":{"rendered":"Tarta de chocolate"},"content":{"rendered":"<p><img loading=\"lazy\" decoding=\"async\" class=\"aligncenter wp-image-8297 size-full\" src=\"https:\/\/recetasconencanto.es\/wp-content\/uploads\/2025\/11\/IMG_20251031_160944.jpg\" alt=\"\" width=\"650\" height=\"650\" srcset=\"https:\/\/recetasconencanto.es\/wp-content\/uploads\/2025\/11\/IMG_20251031_160944.jpg 650w, https:\/\/recetasconencanto.es\/wp-content\/uploads\/2025\/11\/IMG_20251031_160944-300x300.jpg 300w, https:\/\/recetasconencanto.es\/wp-content\/uploads\/2025\/11\/IMG_20251031_160944-150x150.jpg 150w, https:\/\/recetasconencanto.es\/wp-content\/uploads\/2025\/11\/IMG_20251031_160944-530x530.jpg 530w, https:\/\/recetasconencanto.es\/wp-content\/uploads\/2025\/11\/IMG_20251031_160944-500x500.jpg 500w\" sizes=\"auto, (max-width: 650px) 100vw, 650px\" \/><\/p>\n<p>Esta tarta la he preparado para Halloween y, aprovechando que mi hijo ten\u00eda que llevar un dulce &#8220;terror\u00edfico&#8221; a la oficina, se la di para que pudieran disfrutarla tambi\u00e9n sus compa\u00f1er@s y he de decir que fue un \u00e9xito porque les gusto much\u00edsimo a tod@s.<\/p>\n<p>Hab\u00eda para 12 raciones, pero se quedaron con ganas de m\u00e1s \ud83d\ude42<\/p>\n<p>Se prepara en pocos minutos y otros pocos m\u00e1s de horneado. El resultado, una tarta muy jugosa por dentro con trocitos de cacao que le dan una textura riqu\u00edsima y contrastan con el bizcocho esponjoso.<!--more--><\/p>\n<p><strong>INGREDIENTES:<\/strong><\/p>\n<p>1 Paquete de preparado para Tarta de Chocolate <a href=\"https:\/\/www.oetker.es\/\">Dr.Oetker<\/a><\/p>\n<p>120 ml de aceite suave (\u00f3 125 gr. de mantequilla)<\/p>\n<p>3 huevos de nevera<\/p>\n<p><strong>PREPARACI\u00d3N:<\/strong><\/p>\n<p>En primer lugar, precalentamos el horno a 200\u00baC con calor arriba y abajo.<\/p>\n<p>Yo he utilizado un molde de silicona\u00a0 que no es necesario engrasar y desmolda muy f\u00e1cil.<\/p>\n<p>En un bowl grande, batimos los huevos fr\u00edos de nevera y a\u00f1adimos el preparado que viene en el envase, que contiene el resto de ingredientes para nuestra Tarta de chocolate. Mezclamos bien para integrar todo.<\/p>\n<p>Ahora agregamos nuestro aceite suave, yo utilizo uno especial para postres. Si no ten\u00e9is, pod\u00e9is utilizar mantequilla previamente derretida y enfriada.<\/p>\n<p>Removemos bien con unas varillas el\u00e9ctricas\u00a0 y vertemos en nuestro molde.<\/p>\n<p>Llevamos al horno y tendremos 18-20&#8242; con calor arriba y abajo a 200\u00baC y cuando pinchemos con una brocheta y salga seca ya lo tendremos listo.<\/p>\n<p>Dejamos que temple unos 10&#8242; antes de desmoldar y servir. Pod\u00e9is cubrir con una ganache de chocolate y a\u00f1adir unos frutos rojos y quedar\u00e1 delicioso. Yo , como era para este d\u00eda utilic\u00e9 uno de los colorantes de la marca de color rojo y dibuj\u00e9 una telara\u00f1a \ud83d\ude42<\/p>\n<p>Quedo muy muy jugoso y con un sabor a chocolate intenso que gusto mucho a tod@s l@s que lo comieron, lo cual me alegr\u00f3 un mont\u00f3n.<\/p>\n<p>As\u00ed da gusto \ud83d\ude42<\/p>\n<p><img loading=\"lazy\" decoding=\"async\" class=\"aligncenter wp-image-8298 size-full\" src=\"https:\/\/recetasconencanto.es\/wp-content\/uploads\/2025\/11\/IMG_20251031_161110.jpg\" alt=\"\" width=\"650\" height=\"650\" srcset=\"https:\/\/recetasconencanto.es\/wp-content\/uploads\/2025\/11\/IMG_20251031_161110.jpg 650w, https:\/\/recetasconencanto.es\/wp-content\/uploads\/2025\/11\/IMG_20251031_161110-300x300.jpg 300w, https:\/\/recetasconencanto.es\/wp-content\/uploads\/2025\/11\/IMG_20251031_161110-150x150.jpg 150w, https:\/\/recetasconencanto.es\/wp-content\/uploads\/2025\/11\/IMG_20251031_161110-530x530.jpg 530w, https:\/\/recetasconencanto.es\/wp-content\/uploads\/2025\/11\/IMG_20251031_161110-500x500.jpg 500w\" sizes=\"auto, (max-width: 650px) 100vw, 650px\" \/><\/p>\n<p>&nbsp;<\/p>\n<div data-original-attrs=\"{&quot;style&quot;:&quot;&quot;}\">Como cada mes, os presento los productos que iban incluidos en la caja\u00a0<a href=\"https:\/\/www.degustabox.com\/es\/\" data-original-attrs=\"{&quot;data-original-href&quot;:&quot;http:\/\/www.degustabox.com\/es\/&quot;}\">Degustabox\u00a0<\/a>. La caja contiene un surtido de productos muy ricos y variados y muchos de ellos los descubrimos antes de que los veamos anunciados en los medios, todo un privilegio. Los productos de este mes son perfectos para disfrutarlos preparando comidas en familia o con amig@s\u00a0<img decoding=\"async\" class=\"emoji\" role=\"img\" draggable=\"false\" src=\"https:\/\/s.w.org\/images\/core\/emoji\/16.0.1\/svg\/1f642.svg\" alt=\"\ud83d\ude42\" \/><\/div>\n<div data-original-attrs=\"{&quot;style&quot;:&quot;&quot;}\">Para adquirir esta caja, pod\u00e9is beneficiaros de un precio exclusivo si os registr\u00e1is con el\u00a0<b>c\u00f3digo M6TGF<\/b>, de este modo,\u00a0<b>la primera caja tendr\u00e1 un precio de 9,99\u20ac<\/b>\u00a0y luego ser\u00e1 de 14,99\u20ac. Aqu\u00ed os cuento el contenido de la caja:<\/div>\n<p><img loading=\"lazy\" decoding=\"async\" class=\"aligncenter wp-image-8300 size-full\" src=\"https:\/\/recetasconencanto.es\/wp-content\/uploads\/2025\/11\/degustabox-ocbre-25.jpg\" alt=\"\" width=\"650\" height=\"488\" srcset=\"https:\/\/recetasconencanto.es\/wp-content\/uploads\/2025\/11\/degustabox-ocbre-25.jpg 650w, https:\/\/recetasconencanto.es\/wp-content\/uploads\/2025\/11\/degustabox-ocbre-25-300x225.jpg 300w, https:\/\/recetasconencanto.es\/wp-content\/uploads\/2025\/11\/degustabox-ocbre-25-500x375.jpg 500w\" sizes=\"auto, (max-width: 650px) 100vw, 650px\" \/><\/p>\n<p><strong>Susar\u00f3n Infusi\u00f3n Mate con Menta y Hierbabuena<\/strong>, aporta energ\u00eda gracias al mate y un frescor muy arom\u00e1tico gracias a la hierbabuena, para tomar en cualquier momento del d\u00eda.<\/p>\n<p><strong>Prima Salsa Burguer Cero Az\u00facares<\/strong>, la nueva salsa para disfrutar de una aut\u00e9ntica hamburguesa y es la \u00fanica sin az\u00facares a\u00f1adidos, para disfrutarla m\u00e1s agusto.<\/p>\n<p><strong>Dinamic Protein de Pascual<\/strong>, unas barritas que contienen entre12 y 16 gramos de prote\u00edna, probi\u00f3ticos y una gran cantidad de fibra, para ayudar en nuestra digesti\u00f3n y adem\u00e1s sin az\u00facares a\u00f1adidos. En tres sabores irresistibles, muy pr\u00e1cticas para comer a cualquier hora.<\/p>\n<p><strong>Granini Cl\u00e1sicos 0%<\/strong> una gama renovada que combina 5 sabores estrella y 0% az\u00facares a\u00f1adidos, para disfrutar de su sabor y cuidarnos a la vez.<\/p>\n<p><strong>Dr.Oetker Tarta de Chocolate,<\/strong> es el producto que he utilizado para mi receta de hoy. Para degustar una aut\u00e9ntica tarta de chocolate esponjosa y muy rica en pocos minutos porque Dr. Oetker nos lo pone muy f\u00e1cil.<\/p>\n<p><strong>Helios Mermelada Naranja Dulce<\/strong>, con un sabor aut\u00e9ntico ideal para nuestras tostadas del desayuno, elaborada con dos naranjas de los campos de Andaluc\u00eda y Valencia, sin conservantes ni colorantes. Realmente rica.<\/p>\n<p><strong>Risi Jummy<\/strong>, ideales para un picoteo, hecho con s\u00e9mola de ma\u00edz de alta calidad y una textura crujiente muy rica. Tienen adem\u00e1s un agradabe sabor a mantequilla.<\/p>\n<p><strong>Mex<\/strong>, una explosi\u00f3n perfecta de tequila y la suavidad de la crema, en una botella muy original y bonita. En 4 sabores: fresa, mango, maracuy\u00e1 y mel\u00f3n.<\/p>\n<p>La nueva <strong>Yosoy Barista Pumpkin Spice Avena<\/strong>, una bebida cremosa, arom\u00e1tica y sin aditivos. <em>Ideal para tus momentos cosy<\/em>.<\/p>\n<p>Por \u00faltimo, <strong>Nescaf\u00e9 KitKat Mocha<\/strong>, nuevo y dise\u00f1ado para sorprendernos . Con un sabor chocolateado y espumoso que alegra nuestras pausas de caf\u00e9.<\/p>\n<p>&nbsp;<\/p>\n","protected":false},"excerpt":{"rendered":"<p>Esta tarta la he preparado para Halloween y, aprovechando que mi hijo ten\u00eda que llevar un dulce &#8220;terror\u00edfico&#8221; a la oficina, se la di para que pudieran disfrutarla tambi\u00e9n sus compa\u00f1er@s y he de decir que fue un \u00e9xito porque les gusto much\u00edsimo a tod@s. Hab\u00eda para 12 raciones, pero se quedaron con ganas de [&hellip;]<\/p>\n","protected":false},"author":1,"featured_media":8302,"comment_status":"open","ping_status":"closed","sticky":false,"template":"","format":"standard","meta":{"footnotes":""},"categories":[22,124,37,17,1,122],"tags":[],"class_list":["post-8296","post","type-post","status-publish","format-standard","has-post-thumbnail","hentry","category-celebraciones","category-ce-le-bra-cio-nes","category-navidad","category-postres","category-re-ce-tas","category-recetas-dulces"],"_links":{"self":[{"href":"https:\/\/recetasconencanto.es\/index.php?rest_route=\/wp\/v2\/posts\/8296","targetHints":{"allow":["GET"]}}],"collection":[{"href":"https:\/\/recetasconencanto.es\/index.php?rest_route=\/wp\/v2\/posts"}],"about":[{"href":"https:\/\/recetasconencanto.es\/index.php?rest_route=\/wp\/v2\/types\/post"}],"author":[{"embeddable":true,"href":"https:\/\/recetasconencanto.es\/index.php?rest_route=\/wp\/v2\/users\/1"}],"replies":[{"embeddable":true,"href":"https:\/\/recetasconencanto.es\/index.php?rest_route=%2Fwp%2Fv2%2Fcomments&post=8296"}],"version-history":[{"count":1,"href":"https:\/\/recetasconencanto.es\/index.php?rest_route=\/wp\/v2\/posts\/8296\/revisions"}],"predecessor-version":[{"id":8301,"href":"https:\/\/recetasconencanto.es\/index.php?rest_route=\/wp\/v2\/posts\/8296\/revisions\/8301"}],"wp:featuredmedia":[{"embeddable":true,"href":"https:\/\/recetasconencanto.es\/index.php?rest_route=\/wp\/v2\/media\/8302"}],"wp:attachment":[{"href":"https:\/\/recetasconencanto.es\/index.php?rest_route=%2Fwp%2Fv2%2Fmedia&parent=8296"}],"wp:term":[{"taxonomy":"category","embeddable":true,"href":"https:\/\/recetasconencanto.es\/index.php?rest_route=%2Fwp%2Fv2%2Fcategories&post=8296"},{"taxonomy":"post_tag","embeddable":true,"href":"https:\/\/recetasconencanto.es\/index.php?rest_route=%2Fwp%2Fv2%2Ftags&post=8296"}],"curies":[{"name":"wp","href":"https:\/\/api.w.org\/{rel}","templated":true}]}}