{"id":8323,"date":"2025-12-03T12:03:32","date_gmt":"2025-12-03T12:03:32","guid":{"rendered":"https:\/\/recetasconencanto.es\/?p=8323"},"modified":"2025-12-03T12:03:32","modified_gmt":"2025-12-03T12:03:32","slug":"granola","status":"publish","type":"post","link":"https:\/\/recetasconencanto.es\/?p=8323","title":{"rendered":"Granola"},"content":{"rendered":"<p><img loading=\"lazy\" decoding=\"async\" class=\"aligncenter wp-image-8324 size-full\" src=\"https:\/\/recetasconencanto.es\/wp-content\/uploads\/2025\/12\/IMG_20250908_185318.jpg\" alt=\"\" width=\"650\" height=\"488\" srcset=\"https:\/\/recetasconencanto.es\/wp-content\/uploads\/2025\/12\/IMG_20250908_185318.jpg 650w, https:\/\/recetasconencanto.es\/wp-content\/uploads\/2025\/12\/IMG_20250908_185318-300x225.jpg 300w, https:\/\/recetasconencanto.es\/wp-content\/uploads\/2025\/12\/IMG_20250908_185318-500x375.jpg 500w\" sizes=\"auto, (max-width: 650px) 100vw, 650px\" \/><\/p>\n<p>En casa siempre solemos tener Granola para desayunar con un caf\u00e9 con leche calentito. En esta ocasi\u00f3n, os traigo la receta de c\u00f3mo la preparo en casa con la Airfryer y pocos ingredientes, de los que solemos tener en nuestra despensa.<\/p>\n<p>Sin m\u00e1s, os dejo la receta para que pod\u00e1is prepararla en casa si os apetece y os leo en comentarios:<!--more--><\/p>\n<p><strong>INGREDIENTES:<\/strong><\/p>\n<p>200 gr, copos de Avena<\/p>\n<p>75 gr de Avellanas y nueces troceadas<\/p>\n<p>45 gr de mantequilla de cacahuete<\/p>\n<p>30 ml de sirope de \u00e1gave<\/p>\n<p>Trocitos de chocolate negro<\/p>\n<p><strong>PREPARACI\u00d3N:<\/strong><\/p>\n<p>Utilizaremos un recipiente apto para la freidora de aire, en mi caso una cestita de silicona con asas para poder sacarla f\u00e1cilmente de la cubeta cuando est\u00e9 finalizada la cocci\u00f3n.<\/p>\n<p>En un bowl amplio mezclamos bien todos los ingredientes, excepto los trocitos de chocolate, \u00e9stos los reservamos.<\/p>\n<p>Cuando tengamos la mezcla, la a\u00f1adimos a nuestra cesta para introducirla en la cubeta de la freidora y cocinaremos durante\u00a012&#8242; a 160\u00baC removiendo a mitad de cocci\u00f3n.<\/p>\n<p>Sacamos y enseguida a\u00f1adimos los trocitos de chocolate para que se fundan un poco con el resto de la mezcla que est\u00e1 caliente.<\/p>\n<p>Queda riqu\u00edsima y con estas cantidades he llenado un frasco que he reciclado con una capacidad de 500 gr. aprox. as\u00ed ya ten\u00e9is para unos cuantos desayunos.<\/p>\n<p>&nbsp;<\/p>\n<p><img loading=\"lazy\" decoding=\"async\" class=\"aligncenter wp-image-8325 size-full\" src=\"https:\/\/recetasconencanto.es\/wp-content\/uploads\/2025\/12\/IMG_20250908_185353.jpg\" alt=\"\" width=\"650\" height=\"488\" srcset=\"https:\/\/recetasconencanto.es\/wp-content\/uploads\/2025\/12\/IMG_20250908_185353.jpg 650w, https:\/\/recetasconencanto.es\/wp-content\/uploads\/2025\/12\/IMG_20250908_185353-300x225.jpg 300w, https:\/\/recetasconencanto.es\/wp-content\/uploads\/2025\/12\/IMG_20250908_185353-500x375.jpg 500w\" sizes=\"auto, (max-width: 650px) 100vw, 650px\" \/><\/p>\n","protected":false},"excerpt":{"rendered":"<p>En casa siempre solemos tener Granola para desayunar con un caf\u00e9 con leche calentito. En esta ocasi\u00f3n, os traigo la receta de c\u00f3mo la preparo en casa con la Airfryer y pocos ingredientes, de los que solemos tener en nuestra despensa. Sin m\u00e1s, os dejo la receta para que pod\u00e1is prepararla en casa si os [&hellip;]<\/p>\n","protected":false},"author":1,"featured_media":8326,"comment_status":"open","ping_status":"closed","sticky":false,"template":"","format":"standard","meta":{"footnotes":""},"categories":[143,27,17,1,122],"tags":[],"class_list":["post-8323","post","type-post","status-publish","format-standard","has-post-thumbnail","hentry","category-airfryer","category-cocina-vegetariana","category-postres","category-re-ce-tas","category-recetas-dulces"],"_links":{"self":[{"href":"https:\/\/recetasconencanto.es\/index.php?rest_route=\/wp\/v2\/posts\/8323","targetHints":{"allow":["GET"]}}],"collection":[{"href":"https:\/\/recetasconencanto.es\/index.php?rest_route=\/wp\/v2\/posts"}],"about":[{"href":"https:\/\/recetasconencanto.es\/index.php?rest_route=\/wp\/v2\/types\/post"}],"author":[{"embeddable":true,"href":"https:\/\/recetasconencanto.es\/index.php?rest_route=\/wp\/v2\/users\/1"}],"replies":[{"embeddable":true,"href":"https:\/\/recetasconencanto.es\/index.php?rest_route=%2Fwp%2Fv2%2Fcomments&post=8323"}],"version-history":[{"count":1,"href":"https:\/\/recetasconencanto.es\/index.php?rest_route=\/wp\/v2\/posts\/8323\/revisions"}],"predecessor-version":[{"id":8327,"href":"https:\/\/recetasconencanto.es\/index.php?rest_route=\/wp\/v2\/posts\/8323\/revisions\/8327"}],"wp:featuredmedia":[{"embeddable":true,"href":"https:\/\/recetasconencanto.es\/index.php?rest_route=\/wp\/v2\/media\/8326"}],"wp:attachment":[{"href":"https:\/\/recetasconencanto.es\/index.php?rest_route=%2Fwp%2Fv2%2Fmedia&parent=8323"}],"wp:term":[{"taxonomy":"category","embeddable":true,"href":"https:\/\/recetasconencanto.es\/index.php?rest_route=%2Fwp%2Fv2%2Fcategories&post=8323"},{"taxonomy":"post_tag","embeddable":true,"href":"https:\/\/recetasconencanto.es\/index.php?rest_route=%2Fwp%2Fv2%2Ftags&post=8323"}],"curies":[{"name":"wp","href":"https:\/\/api.w.org\/{rel}","templated":true}]}}