{"id":8362,"date":"2026-01-28T18:57:20","date_gmt":"2026-01-28T18:57:20","guid":{"rendered":"https:\/\/recetasconencanto.es\/?p=8362"},"modified":"2026-01-28T18:57:20","modified_gmt":"2026-01-28T18:57:20","slug":"desayuno-facil-y-saludable","status":"publish","type":"post","link":"https:\/\/recetasconencanto.es\/?p=8362","title":{"rendered":"Desayuno f\u00e1cil y saludable"},"content":{"rendered":"<p><img loading=\"lazy\" decoding=\"async\" class=\"aligncenter wp-image-8370 size-full\" src=\"https:\/\/recetasconencanto.es\/wp-content\/uploads\/2026\/01\/20260128_095954.jpg\" alt=\"\" width=\"650\" height=\"488\" srcset=\"https:\/\/recetasconencanto.es\/wp-content\/uploads\/2026\/01\/20260128_095954.jpg 650w, https:\/\/recetasconencanto.es\/wp-content\/uploads\/2026\/01\/20260128_095954-300x225.jpg 300w, https:\/\/recetasconencanto.es\/wp-content\/uploads\/2026\/01\/20260128_095954-500x375.jpg 500w\" sizes=\"auto, (max-width: 650px) 100vw, 650px\" \/><\/p>\n<p>Te ha ocurrido alguna vez que no tienes tiempo para prepararte un desayuno saludable antes de salir de casa?<br \/>\nPues hoy te traigo un desayuno que lo puedes preparar la noche anterior y lo tienes listo para el d\u00eda siguiente.<br \/>\nEs un desayuno muy rico y saludable. He utilizado kefir que preparo cada d\u00eda y el toque de confitura de albaricoque es un extra de sabor y la guinda de este desayuno.<br \/>\nAdem\u00e1s he utilizado otro de estos botes de mermelada tan monos para llevar c\u00f3modamente al trabajo.<br \/>\nTe dejo los ingredientes y cantidades. \u00bfTe animas a prepararlo?<\/p>\n<p><!--more--><\/p>\n<p><strong>INGREDIENTES:<\/strong><br \/>\n100 gr de copos de avena ( yo integral)<br \/>\n100 ml de kefir (el m\u00edo es casero)<br \/>\n15 gr de semillas de Ch\u00eda<br \/>\nUn chorrito de esencia de vainilla<br \/>\nUn poquito de canela en polvo<br \/>\n2 cucharadas de galletas picadas<br \/>\nConfitura de albaricoque @mermeladabebe<\/p>\n<p><strong>PREPARACI\u00d3N:<\/strong><\/p>\n<p>La preparaci\u00f3n es de lo m\u00e1s sencilla. Os dejo aqu\u00ed el <a href=\"https:\/\/www.instagram.com\/recetasconencanto\/reel\/DUDddkWguyx\/\">link <\/a>del Reel donde v\u00e9is todo el proceso.<\/p>\n<div data-original-attrs=\"{&quot;style&quot;:&quot;&quot;}\">Y, como cada mes, os presento los productos que iban incluidos en la caja\u00a0<a href=\"https:\/\/www.degustabox.com\/es\/\" data-original-attrs=\"{&quot;data-original-href&quot;:&quot;http:\/\/www.degustabox.com\/es\/&quot;}\">Degustabox\u00a0<\/a>. La caja contiene un surtido de productos muy ricos y variados y muchos de ellos los descubrimos antes de que los veamos anunciados en los medios, todo un privilegio. Los productos de este mes son perfectos para disfrutarlos preparando comidas en familia o con amig@s\u00a0<img decoding=\"async\" class=\"emoji\" role=\"img\" draggable=\"false\" src=\"https:\/\/s.w.org\/images\/core\/emoji\/16.0.1\/svg\/1f642.svg\" alt=\"\ud83d\ude42\" \/><\/div>\n<div data-original-attrs=\"{&quot;style&quot;:&quot;&quot;}\">Para adquirir esta caja, pod\u00e9is beneficiaros de un precio exclusivo si os registr\u00e1is con el\u00a0<b>c\u00f3digo M6TGF<\/b>, de este modo,\u00a0<b>la primera caja tendr\u00e1 un precio de 9,99\u20ac<\/b>\u00a0y luego ser\u00e1 de 14,99\u20ac. Aqu\u00ed os cuento el contenido de la caja:<\/div>\n<p><img loading=\"lazy\" decoding=\"async\" class=\"aligncenter wp-image-8363 size-full\" src=\"https:\/\/recetasconencanto.es\/wp-content\/uploads\/2026\/01\/Degustabox-enero-26.jpg\" alt=\"\" width=\"650\" height=\"488\" srcset=\"https:\/\/recetasconencanto.es\/wp-content\/uploads\/2026\/01\/Degustabox-enero-26.jpg 650w, https:\/\/recetasconencanto.es\/wp-content\/uploads\/2026\/01\/Degustabox-enero-26-300x225.jpg 300w, https:\/\/recetasconencanto.es\/wp-content\/uploads\/2026\/01\/Degustabox-enero-26-500x375.jpg 500w\" sizes=\"auto, (max-width: 650px) 100vw, 650px\" \/><\/p>\n<p><strong>Granini Gama Selecci\u00f3n<\/strong>\u00a0 son una l\u00ednea de zumos ex\u00f3ticos con sabores diferentes y muy refrescantes,\u00a0 en 6 variedades, para explorar nuevos sabores.<\/p>\n<p><strong>Confitura de Albaricoque Beb\u00e9<\/strong>, elaborada con mucho mimo con albaricoques de variedad Bulids, con un sabor intenso, textura suave y dulzura natural. Adem\u00e1s est\u00e1 cocinada a fuego lento y sin aditivos. Con ella he preparado un desayuno muy rico y saludable.<\/p>\n<p><strong>Flakes La Leche<\/strong>, son unas galletas de cacao rellenas de crema de leche y cereales.\u00a0 Riqu\u00edsimas para el desayuno.<\/p>\n<p><strong>Frit Ravich Olal\u00e1<\/strong>, es un c\u00f3ctel para el desayuno,\u00a0 una mezcla deliciosa de almendras crudas con piel, anacardos, coco laminado,chips de pl\u00e1tano y bayas de gobierno. Ideal combinado con yogur o kefir.<\/p>\n<p><strong>Nakd Cocoa Delight y Le\u00f3n Drizzle<\/strong>, barritas hechas solo con fruta y frutos secos, un snack saludable, rico y natural.<\/p>\n<p><strong>Santa Barista<\/strong> es una bebida vegetal creada para los amantes del caf\u00e9,\u00a0 muy cremosa y con una espuma ideal.<\/p>\n<p><strong>Perlitas de chocolate blanco Dr.Oetker,<\/strong> elaboradas con chocolate especial para reposter\u00eda ya que se pueden utilizar en las masas y no pierden su forma.<\/p>\n<p><strong>Pascual Lateado caf\u00e9 ar\u00e1bica y sabor natural,<\/strong>\u00a0 combina lo mejor de los l\u00e1cteos de la marca con una textura muy cremosa.<\/p>\n<p><strong>Infusiones Susar\u00f3n<\/strong>, infusi\u00f3n Mate con jengibre y sabor lima lim\u00f3n, ahora en c\u00f3modas bolsitas. Una rica y saludable combinaci\u00f3n de Mate y jengibre.<\/p>\n<p>Por \u00faltimo,\u00a0 <strong>Lion Minis<\/strong>, con una textura crujiente conbinada con chocolate y caramelo.<\/p>\n<p>&nbsp;<\/p>\n<p>&nbsp;<\/p>\n<p>&nbsp;<\/p>\n<p>&nbsp;<\/p>\n<p>&nbsp;<\/p>\n<p>&nbsp;<\/p>\n","protected":false},"excerpt":{"rendered":"<p>Te ha ocurrido alguna vez que no tienes tiempo para prepararte un desayuno saludable antes de salir de casa? Pues hoy te traigo un desayuno que lo puedes preparar la noche anterior y lo tienes listo para el d\u00eda siguiente. Es un desayuno muy rico y saludable. He utilizado kefir que preparo cada d\u00eda y [&hellip;]<\/p>\n","protected":false},"author":1,"featured_media":8371,"comment_status":"open","ping_status":"closed","sticky":false,"template":"","format":"standard","meta":{"footnotes":""},"categories":[17,1,122],"tags":[],"class_list":["post-8362","post","type-post","status-publish","format-standard","has-post-thumbnail","hentry","category-postres","category-re-ce-tas","category-recetas-dulces"],"_links":{"self":[{"href":"https:\/\/recetasconencanto.es\/index.php?rest_route=\/wp\/v2\/posts\/8362","targetHints":{"allow":["GET"]}}],"collection":[{"href":"https:\/\/recetasconencanto.es\/index.php?rest_route=\/wp\/v2\/posts"}],"about":[{"href":"https:\/\/recetasconencanto.es\/index.php?rest_route=\/wp\/v2\/types\/post"}],"author":[{"embeddable":true,"href":"https:\/\/recetasconencanto.es\/index.php?rest_route=\/wp\/v2\/users\/1"}],"replies":[{"embeddable":true,"href":"https:\/\/recetasconencanto.es\/index.php?rest_route=%2Fwp%2Fv2%2Fcomments&post=8362"}],"version-history":[{"count":4,"href":"https:\/\/recetasconencanto.es\/index.php?rest_route=\/wp\/v2\/posts\/8362\/revisions"}],"predecessor-version":[{"id":8372,"href":"https:\/\/recetasconencanto.es\/index.php?rest_route=\/wp\/v2\/posts\/8362\/revisions\/8372"}],"wp:featuredmedia":[{"embeddable":true,"href":"https:\/\/recetasconencanto.es\/index.php?rest_route=\/wp\/v2\/media\/8371"}],"wp:attachment":[{"href":"https:\/\/recetasconencanto.es\/index.php?rest_route=%2Fwp%2Fv2%2Fmedia&parent=8362"}],"wp:term":[{"taxonomy":"category","embeddable":true,"href":"https:\/\/recetasconencanto.es\/index.php?rest_route=%2Fwp%2Fv2%2Fcategories&post=8362"},{"taxonomy":"post_tag","embeddable":true,"href":"https:\/\/recetasconencanto.es\/index.php?rest_route=%2Fwp%2Fv2%2Ftags&post=8362"}],"curies":[{"name":"wp","href":"https:\/\/api.w.org\/{rel}","templated":true}]}}